{"id":4388,"date":"2021-03-07T17:55:12","date_gmt":"2021-03-07T17:55:12","guid":{"rendered":"https:\/\/latevaruta.com\/?p=4388"},"modified":"2021-06-11T15:12:04","modified_gmt":"2021-06-11T15:12:04","slug":"4388","status":"publish","type":"post","link":"https:\/\/latevaruta.com\/ca\/4388\/","title":{"rendered":"Escapada d&#8217;un dia a la Baronia d&#8217;Escornalbou"},"content":{"rendered":"<p>Amb aquesta ruta d&#8217;un dia, us proposo descobrir un dels racons amb m\u00e9s encant del Baix Camp, la Baronia d&#8217; Escornalbou. Aquest antic senyoriu\u00a0 se situa a l&#8217;interior de la comarca, entre la Serra de Pradell i l&#8217;Argentera i la plana del Baix Camp.\u00a0 El seu paisatge es caracteritza per suaus turons de bosc mediterrani i sobretot per la pres\u00e8ncia de l&#8217;embassament de Riudecanyes, al voltant del qual farem la ruta. Farem una breu introducci\u00f3 hist\u00f2rica sobre l&#8217;origen d&#8217;aquest territori:<\/p>\n<p>L\u2019any 1162 el rei Alfons I de Catalunya conquereix la Muntanya, la qual es trobava sota domini musulm\u00e0. Diu la llegenda que Sant Miquel va ajudar a les tropes i al rei a prendre el lloc el 8 de maig d\u2019aquell any, aleshores dia de l\u2019Aparici\u00f3 de Sant Miquel i que en el seu honor va decidir construir un augustini\u00e0 dedicat a Sant Miquel. Aix\u00ed mateix, va donar el terme a D\u00e9u, a Sant Miquel i a Joan de Sant Boi, cambrer de la Catedral de Tarragona, moment des del qual el <em>Castro Cornu Bovis<\/em> passa a dependre de l\u2019arquebisbat. La donaci\u00f3 es va fer amb la condici\u00f3 de restaurar, millorar i repoblar aquell territori, fet que va propiciar successives donacions de diversos termes i pobles, que formaran part de la Baronia d\u2019Escornalbou com Colldejou, Vilanova d&#8217;Escornalbou, Riudecanyes, Duesaig\u00fces, Pradell de la Teixeta, la Torre de Fontaubella, l\u2019Arbocet i l&#8217;Argentera.<\/p>\n<p>Amb aquesta ruta d\u2019un dia us proposo visitar alguns d\u2019aquests pobles amb una ruta en cotxe. Comencem a les 10 del mat\u00ed al Castell Monestir de Sant Miquel d\u2019Escornalbou:<\/p>\n<p>&nbsp;<\/p>\n<p><strong>CASTELL MONESTIR DE SANT MIQUEL D\u2019ESCORNALBOU<\/strong><\/p>\n<p>Originalment bastit com a monestir, Sant Miquel d\u2019Escornalbou va ser testimoni de molts fets hist\u00f2rics i canvis que han anat modelant la seva actual fesomia. L\u2019edifici que avui veiem \u00e9s fruit de la intervenci\u00f3 d\u2019un personatge del qual parlar\u00e9 en diverses ocasions: el diplom\u00e0tic reusenc Eduard Toda (1855-1941). Toda va comprar l\u2019antic monestir l\u2019any 1911. El conjunt aleshores estava pr\u00e0cticament en ru\u00efnes despr\u00e9s de molts anys d\u2019abandonament i destrucci\u00f3 arrel de la desamortitzaci\u00f3 de Mendiz\u00e1bal i la Primera Guerra Carlina. \u00a0Amant del patrimoni, l\u2019arqueologia, la hist\u00f2ria i les cultures, Eduard Toda va decidir fer de l\u2019antic monestir el seu castell, la seva resid\u00e8ncia de jubilaci\u00f3. Val a dir que la restauraci\u00f3 va ser certament idealista, ja que es van afegir elements nous com torres inspirades en l\u2019arquitectura nord-europea. All\u00f2 per\u00f2 que val la pena destacar \u00e9s la visita a l\u2019interior del Castell, amb la qual podeu veure les estances de la casa, que ens recorda als <em>chateaux<\/em> francesos i als palauets de la campinya anglesa. Sales com el Sal\u00f3 Blau, la Biblioteca o el Menjador s\u00f3n d\u2019especial inter\u00e8s. Sab\u00edeu que Toda va convidar nombroses personalitats del m\u00f3n de la cultura, l\u2019esgl\u00e9sia i la pol\u00edtica? Alguns exemples s\u00f3n el seu gran amic el Cardenal i Arquebisbe de Tarragona Vidal i Barraquer, el qual disposava de cambra pr\u00f2pia, i fins i tot el rei Alfons XIII.<\/p>\n<p>Actualment, el Castell est\u00e0 sent restaurat i no \u00e9s possible visitar la totalitat del seu interior. Es preveu que les obres acabin durant la tardor del 2022. De la mateixa forma, els exteriors del Castell tamb\u00e9 estan sent restaurats i s&#8217; estan recuperant senders que connecten els pobles de la Baronia amb aquest monument. All\u00f2 que s\u00ed podeu fer si us acosteu al Castell, \u00e9s rec\u00f3rrer alguns dels 4 passejos del seu entorn: el Passeig dels Frares, el Cam\u00ed de Santa B\u00e0rbara, el Cam\u00ed dels Horts o el Cam\u00ed de la Font del Sarra\u00ed. Tots ells s\u00f3n recorreguts curts, f\u00e0cils i amb una vegetaci\u00f3 molt frondosa. A m\u00e9s els 3 primers ofereixen espectaculars vistes a la Costa Daurada i a la Serra de Pradell i l&#8217;Argentera.<\/p>\n<p>&nbsp;<\/p>\n<figure id=\"attachment_1994\" aria-describedby=\"caption-attachment-1994\" style=\"width: 587px\" class=\"wp-caption alignnone\"><img loading=\"lazy\" decoding=\"async\" class=\"wp-image-1994 \" src=\"https:\/\/latevaruta.com\/wp-content\/uploads\/2018\/08\/Visita-guiada-a-escornalbou-0-1024x658.jpg\" alt=\"Visita-guiada-a-escornalbou\" width=\"587\" height=\"377\" srcset=\"https:\/\/latevaruta.com\/wp-content\/uploads\/2018\/08\/Visita-guiada-a-escornalbou-0.jpg 1024w, https:\/\/latevaruta.com\/wp-content\/uploads\/2018\/08\/Visita-guiada-a-escornalbou-0-300x193.jpg 300w, https:\/\/latevaruta.com\/wp-content\/uploads\/2018\/08\/Visita-guiada-a-escornalbou-0-768x494.jpg 768w, https:\/\/latevaruta.com\/wp-content\/uploads\/2018\/08\/Visita-guiada-a-escornalbou-0-600x386.jpg 600w\" sizes=\"auto, (max-width: 587px) 100vw, 587px\" \/><figcaption id=\"caption-attachment-1994\" class=\"wp-caption-text\">Claustre del Castell Monestir d&#8217;Escornalbou<\/figcaption><\/figure>\n<p>&nbsp;<\/p>\n<figure id=\"attachment_4325\" aria-describedby=\"caption-attachment-4325\" style=\"width: 594px\" class=\"wp-caption alignnone\"><img loading=\"lazy\" decoding=\"async\" class=\"wp-image-4325 \" src=\"https:\/\/latevaruta.com\/wp-content\/uploads\/2021\/03\/Escornalbou-1024x768.jpeg\" alt=\"\" width=\"594\" height=\"446\" srcset=\"https:\/\/latevaruta.com\/wp-content\/uploads\/2021\/03\/Escornalbou-1024x768.jpeg 1024w, https:\/\/latevaruta.com\/wp-content\/uploads\/2021\/03\/Escornalbou-300x225.jpeg 300w, https:\/\/latevaruta.com\/wp-content\/uploads\/2021\/03\/Escornalbou-768x576.jpeg 768w, https:\/\/latevaruta.com\/wp-content\/uploads\/2021\/03\/Escornalbou-1536x1152.jpeg 1536w, https:\/\/latevaruta.com\/wp-content\/uploads\/2021\/03\/Escornalbou-2048x1536.jpeg 2048w\" sizes=\"auto, (max-width: 594px) 100vw, 594px\" \/><figcaption id=\"caption-attachment-4325\" class=\"wp-caption-text\">Porta de l&#8217;esgl\u00e9sia del Castell Monestir d&#8217;Escornalbou<\/figcaption><\/figure>\n<p><img loading=\"lazy\" decoding=\"async\" class=\"alignnone wp-image-4364 \" src=\"https:\/\/latevaruta.com\/wp-content\/uploads\/2021\/03\/Itineraris-300x232.png\" alt=\"\" width=\"334\" height=\"258\" srcset=\"https:\/\/latevaruta.com\/wp-content\/uploads\/2021\/03\/Itineraris-300x232.png 300w, https:\/\/latevaruta.com\/wp-content\/uploads\/2021\/03\/Itineraris.png 399w\" sizes=\"auto, (max-width: 334px) 100vw, 334px\" \/><\/p>\n<p>Itineraris al Castell Monastir de Sant Miquel d&#8217;Escornalbou<\/p>\n<p>&nbsp;<\/p>\n<p><strong>L\u2019ARGENTERA<\/strong><\/p>\n<p>Despr\u00e9s de visitar el Castell Monestir d\u2019Escornalbou, baixarem al poble de l\u2019Argentera, situat a 5 km. Aquesta \u00e9s segurament la poblaci\u00f3 amb m\u00e9s encant de la Baronia, ja que es tracta d\u2019un petit poble d\u2019uns 130 habitants i llueix pintorescos carrers i cases de pedra vermella, t\u00edpica de la la zona. Passejar per l\u2019Argentera \u00e9s sens dubte una del\u00edcia: els seus carrers, les portalades de les cases i les seves finestres es vesteixen de plantes i flors, especialment d\u2019hort\u00e8nsies. L\u2019Argentera es va veure afavorida per les estades d\u2019Eduard Toda durant les obres de restauraci\u00f3 del Castell, el qual va adquirir una casa situada a la Pla\u00e7a de l\u2019Esgl\u00e9sia. Aquest mateix personatge va modernitzar el poble gr\u00e0cies a diverses millores, com per exemple fent portar aigua de la Font de la Bartra. De fet, els argenterencs\u00a0 van dedicar-li un carrer i un bust, aquest situat al final del Carrer Major. Una recomanaci\u00f3 que personalment voldria afegir a la visita de l\u2019Argentera \u00e9s la rom\u00e0ntica Font Vella, situada al costat del poble i que arribareu sortint pel carrer d\u2019Eduard Toda i agafant el Cam\u00ed de la Font Vella. La font, documentada al 1907 per una reforma que s\u2019hi va fer, est\u00e0 empla\u00e7ada enmig d\u2019un bosc de plataners, aterrassat en diferents nivells i on trobem alguna taula i bancs de pedra. \u00c9s per tant un bon lloc per a fer un p\u00edcnic a l&#8217;aire lliure, acompanyats pel so del rierol. L&#8217;espai \u00e9s captivador especialment a la tardor, quan les fulles dels plataners formen una catifa de diferents tons marronosos i tot l&#8217;entorn es torna un rac\u00f3 inspirador. Tamb\u00e9 molt prop de la Font Vella, seguint un caminet de pedra paral\u00b7lel al rierol, estan els antics rentadors que tampoc podeu deixar de veure&#8230; ni de fotografiar! Si sou instagramers us encantar\u00e0.<\/p>\n<figure id=\"attachment_4331\" aria-describedby=\"caption-attachment-4331\" style=\"width: 491px\" class=\"wp-caption alignnone\"><img loading=\"lazy\" decoding=\"async\" class=\"wp-image-4331 \" src=\"https:\/\/latevaruta.com\/wp-content\/uploads\/2021\/03\/OI000100-01-768x1024.jpeg\" alt=\"\" width=\"491\" height=\"655\" srcset=\"https:\/\/latevaruta.com\/wp-content\/uploads\/2021\/03\/OI000100-01-768x1024.jpeg 768w, https:\/\/latevaruta.com\/wp-content\/uploads\/2021\/03\/OI000100-01-225x300.jpeg 225w, https:\/\/latevaruta.com\/wp-content\/uploads\/2021\/03\/OI000100-01-1152x1536.jpeg 1152w, https:\/\/latevaruta.com\/wp-content\/uploads\/2021\/03\/OI000100-01-1536x2048.jpeg 1536w, https:\/\/latevaruta.com\/wp-content\/uploads\/2021\/03\/OI000100-01-scaled.jpeg 1920w\" sizes=\"auto, (max-width: 491px) 100vw, 491px\" \/><figcaption id=\"caption-attachment-4331\" class=\"wp-caption-text\">Carrer Major i monument a Toda<\/figcaption><\/figure>\n<figure id=\"attachment_4377\" aria-describedby=\"caption-attachment-4377\" style=\"width: 499px\" class=\"wp-caption alignnone\"><img loading=\"lazy\" decoding=\"async\" class=\"wp-image-4377 \" src=\"https:\/\/latevaruta.com\/wp-content\/uploads\/2021\/03\/OI000083-04-1024x768.jpeg\" alt=\"\" width=\"499\" height=\"374\" srcset=\"https:\/\/latevaruta.com\/wp-content\/uploads\/2021\/03\/OI000083-04-1024x768.jpeg 1024w, https:\/\/latevaruta.com\/wp-content\/uploads\/2021\/03\/OI000083-04-300x225.jpeg 300w, https:\/\/latevaruta.com\/wp-content\/uploads\/2021\/03\/OI000083-04-768x576.jpeg 768w, https:\/\/latevaruta.com\/wp-content\/uploads\/2021\/03\/OI000083-04-1536x1152.jpeg 1536w, https:\/\/latevaruta.com\/wp-content\/uploads\/2021\/03\/OI000083-04-2048x1536.jpeg 2048w\" sizes=\"auto, (max-width: 499px) 100vw, 499px\" \/><figcaption id=\"caption-attachment-4377\" class=\"wp-caption-text\">Font Vella<\/figcaption><\/figure>\n<figure id=\"attachment_4337\" aria-describedby=\"caption-attachment-4337\" style=\"width: 493px\" class=\"wp-caption alignnone\"><img loading=\"lazy\" decoding=\"async\" class=\"wp-image-4337 \" src=\"https:\/\/latevaruta.com\/wp-content\/uploads\/2021\/03\/OI000120-011-1024x768.jpeg\" alt=\"\" width=\"493\" height=\"370\" srcset=\"https:\/\/latevaruta.com\/wp-content\/uploads\/2021\/03\/OI000120-011-1024x768.jpeg 1024w, https:\/\/latevaruta.com\/wp-content\/uploads\/2021\/03\/OI000120-011-300x225.jpeg 300w, https:\/\/latevaruta.com\/wp-content\/uploads\/2021\/03\/OI000120-011-768x576.jpeg 768w, https:\/\/latevaruta.com\/wp-content\/uploads\/2021\/03\/OI000120-011-1536x1152.jpeg 1536w, https:\/\/latevaruta.com\/wp-content\/uploads\/2021\/03\/OI000120-011-2048x1536.jpeg 2048w\" sizes=\"auto, (max-width: 493px) 100vw, 493px\" \/><figcaption id=\"caption-attachment-4337\" class=\"wp-caption-text\">Rentadors de L&#8217;Argentera<\/figcaption><\/figure>\n<figure id=\"attachment_4380\" aria-describedby=\"caption-attachment-4380\" style=\"width: 490px\" class=\"wp-caption alignnone\"><img loading=\"lazy\" decoding=\"async\" class=\"wp-image-4380 \" src=\"https:\/\/latevaruta.com\/wp-content\/uploads\/2021\/03\/OI000121-02-1024x768.jpeg\" alt=\"\" width=\"490\" height=\"368\" srcset=\"https:\/\/latevaruta.com\/wp-content\/uploads\/2021\/03\/OI000121-02-1024x768.jpeg 1024w, https:\/\/latevaruta.com\/wp-content\/uploads\/2021\/03\/OI000121-02-300x225.jpeg 300w, https:\/\/latevaruta.com\/wp-content\/uploads\/2021\/03\/OI000121-02-768x576.jpeg 768w, https:\/\/latevaruta.com\/wp-content\/uploads\/2021\/03\/OI000121-02-1536x1152.jpeg 1536w, https:\/\/latevaruta.com\/wp-content\/uploads\/2021\/03\/OI000121-02-2048x1536.jpeg 2048w\" sizes=\"auto, (max-width: 490px) 100vw, 490px\" \/><figcaption id=\"caption-attachment-4380\" class=\"wp-caption-text\">L&#8217;Argentera<\/figcaption><\/figure>\n<p>&nbsp;<\/p>\n<p><strong>DUESAIG\u00dcES<\/strong><\/p>\n<p>Encarem la tarda agafant la carretera de Duesaig\u00fces per a dirigir-nos cap a l&#8217;impressionant viaducte dels Masos, un dels dos viaductes del terme de Duesaig\u00fces. Aquests viaductes es van construir a la fi del segle XIX amb l&#8217;arribada del ferrocarril de la l\u00ednia Barcelona-Saragossa, que va ser impulsada per la Companyia dels Ferrocarrils de Tarragona a Barcelona i Fran\u00e7a. Per cert! una altra gran proesa d&#8217;enginyeria va ser la construcci\u00f3 del t\u00fanel del ferrocarril de l&#8217;Argentera, que va ser fins a 1957 el m\u00e9s llarg d&#8217;Espanya amb una mica m\u00e9s de 4 km. L&#8217;enginyer de la Companyia, Eduard Maristany va ser reconegut amb el t\u00edtol de Marqu\u00e8s de l&#8217;Argentera, per la seva feina i contribuci\u00f3 al desenvolupament del pa\u00eds.<\/p>\n<p><img loading=\"lazy\" decoding=\"async\" class=\"alignnone wp-image-4349 \" src=\"https:\/\/latevaruta.com\/wp-content\/uploads\/2021\/03\/Duesaigues-scaled-e1615136794528-1024x745.jpg\" alt=\"\" width=\"494\" height=\"360\" srcset=\"https:\/\/latevaruta.com\/wp-content\/uploads\/2021\/03\/Duesaigues-scaled-e1615136794528-1024x745.jpg 1024w, https:\/\/latevaruta.com\/wp-content\/uploads\/2021\/03\/Duesaigues-scaled-e1615136794528-300x218.jpg 300w, https:\/\/latevaruta.com\/wp-content\/uploads\/2021\/03\/Duesaigues-scaled-e1615136794528-768x559.jpg 768w, https:\/\/latevaruta.com\/wp-content\/uploads\/2021\/03\/Duesaigues-scaled-e1615136794528-1536x1118.jpg 1536w, https:\/\/latevaruta.com\/wp-content\/uploads\/2021\/03\/Duesaigues-scaled-e1615136794528-2048x1490.jpg 2048w\" sizes=\"auto, (max-width: 494px) 100vw, 494px\" \/><\/p>\n<p>Podeu rec\u00f3rrer la passarel\u00b7la inferior del viaducte, les vistes no us deixaran indiferent.<\/p>\n<p>Seguirem per la carretera de Duesaig\u00fces a Riudecanyes i ben aviat ens trobarem les aig\u00fces del pant\u00e0 a la nostra dreta. La carretera, tot i que t\u00e9 dos carrils \u00e9s estreta i amb for\u00e7a corbes, no badeu contemplant l\u2019embassament! Tot i que realment \u00e9s una ruta per gaudir del panorama.<\/p>\n<p>&nbsp;<\/p>\n<p><strong>CASA VELLA DEL PANT\u00c0<\/strong><\/p>\n<p>Just al costat de la carretera, aquest cop a l\u2019esquerra, trobareu l\u2019entrada a un altre edifici amb molta hist\u00f2ria i que actualment \u00e9s una moderna casa rural: La Casa Vella del Pant\u00e0. Aquesta Casa es va construir com a resid\u00e8ncia per a l\u2019enginyer de l\u2019embassament, la\u00a0 qual va ser constru\u00efda a principis del segle XX. No obstant, mai va tenir aquesta funci\u00f3 i tot i ser propietat de la Comunitat de Regants, anys despr\u00e9s va quedar abandonada i va ser objecte d\u2019actes vand\u00e0lics. Per\u00f2 va ser gr\u00e0cies a la Ina i l\u2019Albert, una parella que viu a l\u2019Argentera, que la Casa va tornar a la vida. Les obres van comen\u00e7ar al 2012 i despr\u00e9s de pocs anys ja van comen\u00e7ar a arribar els primers hostes. De la Casa val la pena destacar no nom\u00e9s el seu disseny modern, amb un toc rural i elegant, sin\u00f3 tamb\u00e9 els diversos materials ecol\u00f2gics que van emprar com per exemple el revestiment dels banys, anomenat <em>tedelakt<\/em> compost de cals, resistent a la humitat i als fongs. Igualment d\u2019interessant \u00e9s el forn de la planta baixa, un forn massiu que \u00e9s capa\u00e7 de cremar 14 kilos de llenya durant 1 hora i mitja i escalfar pr\u00e0cticament durant tot el dia. La construcci\u00f3 d\u2019aquest forn la va dur a terme el mateix arquitecte de la casa, el Flemming Abrahansom, un referent en l\u2019arquitectura sostenible. Juntament amb els seus alumnes van organitzar un taller a la Casa Vella per aprendre a construir el forn, d\u2019aquesta manera l\u2019Ina i l\u2019Albert nom\u00e9s van haver de pagar els materials.<\/p>\n<p>Actualment, amb la situaci\u00f3 pand\u00e8mica, la Casa ha patit moltes cancel\u00b7lacions, per\u00f2 l\u2019Ina ha comen\u00e7at una nova aventura empresarial elaborant sabons artesanals amb la seva s\u00f2cia M\u00f2nica (<a href=\"https:\/\/www.instagram.com\/illicium.nature\/\" target=\"_blank\" rel=\"noopener\">www.instagram\/illicium.nature<\/a>) tot fent servir productes de la Baronia, com l\u2019Oli d\u2019Oliva Verge Extra Escornalbou, flors i herbes del camp i fins i tot garrofa!. Si voleu aprofitar per passar tot el cap de setmana a la zona, aquest \u00e9s un bon lloc per allotjar-s\u2019hi.<\/p>\n<p>&nbsp;<\/p>\n<figure id=\"attachment_4352\" aria-describedby=\"caption-attachment-4352\" style=\"width: 496px\" class=\"wp-caption alignnone\"><img loading=\"lazy\" decoding=\"async\" class=\"wp-image-4352 \" src=\"https:\/\/latevaruta.com\/wp-content\/uploads\/2021\/03\/P2113200-1024x768.jpg\" alt=\"\" width=\"496\" height=\"372\" srcset=\"https:\/\/latevaruta.com\/wp-content\/uploads\/2021\/03\/P2113200-1024x768.jpg 1024w, https:\/\/latevaruta.com\/wp-content\/uploads\/2021\/03\/P2113200-300x225.jpg 300w, https:\/\/latevaruta.com\/wp-content\/uploads\/2021\/03\/P2113200-768x576.jpg 768w, https:\/\/latevaruta.com\/wp-content\/uploads\/2021\/03\/P2113200-1536x1152.jpg 1536w, https:\/\/latevaruta.com\/wp-content\/uploads\/2021\/03\/P2113200-2048x1536.jpg 2048w\" sizes=\"auto, (max-width: 496px) 100vw, 496px\" \/><figcaption id=\"caption-attachment-4352\" class=\"wp-caption-text\">Casa Vella del Pant\u00e0<\/figcaption><\/figure>\n<figure id=\"attachment_4355\" aria-describedby=\"caption-attachment-4355\" style=\"width: 494px\" class=\"wp-caption alignnone\"><img loading=\"lazy\" decoding=\"async\" class=\"wp-image-4355 \" src=\"https:\/\/latevaruta.com\/wp-content\/uploads\/2021\/03\/P2113191-1024x768.jpg\" alt=\"\" width=\"494\" height=\"371\" srcset=\"https:\/\/latevaruta.com\/wp-content\/uploads\/2021\/03\/P2113191-1024x768.jpg 1024w, https:\/\/latevaruta.com\/wp-content\/uploads\/2021\/03\/P2113191-300x225.jpg 300w, https:\/\/latevaruta.com\/wp-content\/uploads\/2021\/03\/P2113191-768x576.jpg 768w, https:\/\/latevaruta.com\/wp-content\/uploads\/2021\/03\/P2113191-1536x1152.jpg 1536w, https:\/\/latevaruta.com\/wp-content\/uploads\/2021\/03\/P2113191-2048x1536.jpg 2048w\" sizes=\"auto, (max-width: 494px) 100vw, 494px\" \/><figcaption id=\"caption-attachment-4355\" class=\"wp-caption-text\">Ina i el seu taller de sabons<\/figcaption><\/figure>\n<figure id=\"attachment_4358\" aria-describedby=\"caption-attachment-4358\" style=\"width: 491px\" class=\"wp-caption alignnone\"><img loading=\"lazy\" decoding=\"async\" class=\"wp-image-4358 \" src=\"https:\/\/latevaruta.com\/wp-content\/uploads\/2021\/03\/OI000127-01-1024x768.jpeg\" alt=\"\" width=\"491\" height=\"368\" srcset=\"https:\/\/latevaruta.com\/wp-content\/uploads\/2021\/03\/OI000127-01-1024x768.jpeg 1024w, https:\/\/latevaruta.com\/wp-content\/uploads\/2021\/03\/OI000127-01-300x225.jpeg 300w, https:\/\/latevaruta.com\/wp-content\/uploads\/2021\/03\/OI000127-01-768x576.jpeg 768w, https:\/\/latevaruta.com\/wp-content\/uploads\/2021\/03\/OI000127-01-1536x1152.jpeg 1536w, https:\/\/latevaruta.com\/wp-content\/uploads\/2021\/03\/OI000127-01-2048x1536.jpeg 2048w\" sizes=\"auto, (max-width: 491px) 100vw, 491px\" \/><figcaption id=\"caption-attachment-4358\" class=\"wp-caption-text\">Forn massiu<\/figcaption><\/figure>\n<p>&nbsp;<\/p>\n<p><strong>RIUDECANYES<\/strong><\/p>\n<p>Per acabar la jornada, visitem la vila de Riudecanyes, on podeu fer qualsevol de les rutes d\u2019Oleoturisme que trobareu a la mateixa web de <em>La teva ruta<\/em>, com per exemple l\u2019experi\u00e8ncia \u201cViure la terra\u201d que us permet visitar un camp d\u2019oliveres, el nucli de la vila i el Centre d\u2019Interpretaci\u00f3 Els Fruits del Paisatge, que permet fer una aproximaci\u00f3 al paisatge, a l\u2019agricultura i als productes del camp d\u2019aquesta comarca. A m\u00e9s, tamb\u00e9 us oferim un tast de pa amb oli OVE Escornalbou, 100% arbequina i de gran qualitat. Tamb\u00e9 al mateix espai trobareu l\u2019Agrobotiga, on podeu comprar aquest i altres productes de la terra.<\/p>\n<p>SI veniu a l\u2019octubre o principis de novembre, podreu participar en l\u2019experi\u00e8ncia de collir les olives fent servir l\u2019arpa i el cab\u00e0s. I si porteu nens, tenim una versi\u00f3 de la ruta especial pensada per a ells \u201cDe l\u2019olivera al setrill\u201d.<\/p>\n<p>Recordeu tamb\u00e9, que us ofereixo fer aquesta mateixa ruta guiada. Una bona opci\u00f3 per deixar-vos emportar i no perdre-vos cap detall!<\/p>\n<p>&nbsp;<\/p>\n<figure id=\"attachment_4361\" aria-describedby=\"caption-attachment-4361\" style=\"width: 515px\" class=\"wp-caption alignnone\"><img loading=\"lazy\" decoding=\"async\" class=\"wp-image-4361 \" src=\"https:\/\/latevaruta.com\/wp-content\/uploads\/2021\/03\/PA042269-1024x768.jpg\" alt=\"\" width=\"515\" height=\"386\" srcset=\"https:\/\/latevaruta.com\/wp-content\/uploads\/2021\/03\/PA042269-1024x768.jpg 1024w, https:\/\/latevaruta.com\/wp-content\/uploads\/2021\/03\/PA042269-300x225.jpg 300w, https:\/\/latevaruta.com\/wp-content\/uploads\/2021\/03\/PA042269-768x576.jpg 768w, https:\/\/latevaruta.com\/wp-content\/uploads\/2021\/03\/PA042269-1536x1152.jpg 1536w, https:\/\/latevaruta.com\/wp-content\/uploads\/2021\/03\/PA042269-2048x1536.jpg 2048w\" sizes=\"auto, (max-width: 515px) 100vw, 515px\" \/><figcaption id=\"caption-attachment-4361\" class=\"wp-caption-text\">Oleoturisme a Riudecanyes<\/figcaption><\/figure>\n<p>&nbsp;<\/p>\n<p><strong><u>Allotjaments recomanats<\/u><\/strong><\/p>\n<p><a href=\"http:\/\/casavelladelpanta.com\/es\/home\/\" target=\"_blank\" rel=\"noopener\">Casa Vella del pant\u00e0<\/a> (Riudecanyes)<\/p>\n<p><a href=\"https:\/\/www.casaargentera.com\/es\/home\/\" target=\"_blank\" rel=\"noopener\">Casa Argentera<\/a> (L\u2019argentera)<\/p>\n<p><a href=\"http:\/\/www.laguineurural.com\/\" target=\"_blank\" rel=\"noopener\">Casa La Guineu<\/a> (L\u2019argentera)<\/p>\n<p><a href=\"https:\/\/www.espai-abadia.com\/\" target=\"_blank\" rel=\"noopener\">Espai Abadia<\/a>(L\u2019argentera)<\/p>\n<p>&nbsp;<\/p>\n<p>&nbsp;<\/p>\n<p><strong><u>Restaurants recomanats<\/u><\/strong><\/p>\n<p><a href=\"https:\/\/www.facebook.com\/lera.riudecanyes\/\" target=\"_blank\" rel=\"noopener\">L\u2019Era<\/a> (Riudecanyes)<\/p>\n<p><a href=\"https:\/\/www.cunirri.com\/\" target=\"_blank\" rel=\"noopener\">El Cunirr<\/a>i (Duesaig\u00fces)<\/p>\n<p><a href=\"https:\/\/menjarslargentera.wixsite.com\/menjarslargentera\" target=\"_blank\" rel=\"noopener\">Menjars de l\u2019Argentera<\/a> (L\u2019Argentera)<\/p>\n<p>&nbsp;<\/p>\n<p>M.Carme Granados Montoya<\/p>\n<p>Guia Hbailitada per la Generalitat de Catalunya n\u00fam. 2.871<\/p>\n","protected":false},"excerpt":{"rendered":"<p>Amb aquesta ruta d&#8217;un dia, us proposo descobrir un dels racons amb m\u00e9s encant del Baix Camp, la Baronia d&#8217; Escornalbou. Aquest antic senyoriu\u00a0 se situa a l&#8217;interior de la comarca, entre la Serra de Pradell i l&#8217;Argentera i la plana del Baix Camp.\u00a0 El seu paisatge es caracteritza per suaus turons de bosc mediterrani [&hellip;]<\/p>\n","protected":false},"author":2,"featured_media":4394,"comment_status":"closed","ping_status":"closed","sticky":false,"template":"","format":"standard","meta":{"footnotes":""},"categories":[217,114],"tags":[],"class_list":["post-4388","post","type-post","status-publish","format-standard","has-post-thumbnail","hentry","category-blog-ca","category-uncategorized-ca"],"_links":{"self":[{"href":"https:\/\/latevaruta.com\/ca\/wp-json\/wp\/v2\/posts\/4388","targetHints":{"allow":["GET"]}}],"collection":[{"href":"https:\/\/latevaruta.com\/ca\/wp-json\/wp\/v2\/posts"}],"about":[{"href":"https:\/\/latevaruta.com\/ca\/wp-json\/wp\/v2\/types\/post"}],"author":[{"embeddable":true,"href":"https:\/\/latevaruta.com\/ca\/wp-json\/wp\/v2\/users\/2"}],"replies":[{"embeddable":true,"href":"https:\/\/latevaruta.com\/ca\/wp-json\/wp\/v2\/comments?post=4388"}],"version-history":[{"count":13,"href":"https:\/\/latevaruta.com\/ca\/wp-json\/wp\/v2\/posts\/4388\/revisions"}],"predecessor-version":[{"id":4585,"href":"https:\/\/latevaruta.com\/ca\/wp-json\/wp\/v2\/posts\/4388\/revisions\/4585"}],"wp:featuredmedia":[{"embeddable":true,"href":"https:\/\/latevaruta.com\/ca\/wp-json\/wp\/v2\/media\/4394"}],"wp:attachment":[{"href":"https:\/\/latevaruta.com\/ca\/wp-json\/wp\/v2\/media?parent=4388"}],"wp:term":[{"taxonomy":"category","embeddable":true,"href":"https:\/\/latevaruta.com\/ca\/wp-json\/wp\/v2\/categories?post=4388"},{"taxonomy":"post_tag","embeddable":true,"href":"https:\/\/latevaruta.com\/ca\/wp-json\/wp\/v2\/tags?post=4388"}],"curies":[{"name":"wp","href":"https:\/\/api.w.org\/{rel}","templated":true}]}}